{"id":122,"date":"2015-01-04T16:11:14","date_gmt":"2015-01-04T20:11:14","guid":{"rendered":"http:\/\/gplalibertad.gob.ec\/carchi\/?p=122"},"modified":"2016-03-24T14:03:55","modified_gmt":"2016-03-24T18:03:55","slug":"proyectos","status":"publish","type":"post","link":"https:\/\/gplalibertad.gob.ec\/carchi\/proyectos\/","title":{"rendered":"Proyectos"},"content":{"rendered":"<p>PROYECTO DE RESTAURACI\u00d3N FORESTAL CONVENIO CON EL MINISTERIO DEL AMBIENTE POR UN VALOR DE $ 378144.60. EN UN \u00c1REA DE 581.4 DE LAS CUALES 156.6 SON DE REGENERACI\u00d3N NATURAL ASISTIDA, EL OBJETIVO DEL PROYECTO ES LA PROTECCI\u00d3N Y LA CONSERVACI\u00d3N DE CUENCAS HIDRICAS DE LA PARROQUIA LA LIBERTAD.<\/p>\n<p>DURACI\u00d3N: 3 a\u00f1os Inicio Agosto 2014.<\/p>\n<p>APORTE ECON\u00d3MICO MAE: $ 378144.60<\/p>\n<p>APORTE GADPR-L: Ejecuci\u00f3n del Proyecto: Contrataci\u00f3n de personal, Realizar procesos de contrataci\u00f3n p\u00fablica, Construcci\u00f3n y mantenimiento de Vivero forestal.<\/p>\n<p>Proceso de contrataci\u00f3n p\u00fablica \u00abAdquisici\u00f3n de \u00a080000 plantas forestales nativas y 627 plantas frutales\u00bb por un valor de $ 66735.81<\/p>\n<div id=\"attachment_298\" style=\"width: 310px\" class=\"wp-caption aligncenter\"><a href=\"http:\/\/gplalibertad.gob.ec\/carchi\/wp-content\/uploads\/2015\/01\/Foto0800.jpg\"><img loading=\"lazy\" decoding=\"async\" aria-describedby=\"caption-attachment-298\" class=\"size-medium wp-image-298\" src=\"http:\/\/gplalibertad.gob.ec\/carchi\/wp-content\/uploads\/2015\/01\/Foto0800-300x225.jpg\" alt=\"VIVERO \" width=\"300\" height=\"225\" data-id=\"298\" srcset=\"https:\/\/gplalibertad.gob.ec\/carchi\/wp-content\/uploads\/2015\/01\/Foto0800-300x225.jpg 300w, https:\/\/gplalibertad.gob.ec\/carchi\/wp-content\/uploads\/2015\/01\/Foto0800.jpg 1024w\" sizes=\"auto, (max-width: 300px) 100vw, 300px\" \/><\/a><p id=\"caption-attachment-298\" class=\"wp-caption-text\">VIVERO<\/p><\/div>\n<p><a href=\"http:\/\/gplalibertad.gob.ec\/carchi\/wp-content\/uploads\/2015\/01\/DSC05209.jpg\"><img loading=\"lazy\" decoding=\"async\" class=\"aligncenter size-medium wp-image-300\" src=\"http:\/\/gplalibertad.gob.ec\/carchi\/wp-content\/uploads\/2015\/01\/DSC05209-300x225.jpg\" alt=\"DSC05209\" width=\"300\" height=\"225\" data-id=\"300\" srcset=\"https:\/\/gplalibertad.gob.ec\/carchi\/wp-content\/uploads\/2015\/01\/DSC05209-300x225.jpg 300w, https:\/\/gplalibertad.gob.ec\/carchi\/wp-content\/uploads\/2015\/01\/DSC05209.jpg 1024w\" sizes=\"auto, (max-width: 300px) 100vw, 300px\" \/><\/a> <a href=\"http:\/\/gplalibertad.gob.ec\/carchi\/wp-content\/uploads\/2015\/01\/DSC05224.jpg\"><img loading=\"lazy\" decoding=\"async\" class=\"aligncenter size-medium wp-image-301\" src=\"http:\/\/gplalibertad.gob.ec\/carchi\/wp-content\/uploads\/2015\/01\/DSC05224-300x225.jpg\" alt=\"DSC05224\" width=\"300\" height=\"225\" data-id=\"301\" srcset=\"https:\/\/gplalibertad.gob.ec\/carchi\/wp-content\/uploads\/2015\/01\/DSC05224-300x225.jpg 300w, https:\/\/gplalibertad.gob.ec\/carchi\/wp-content\/uploads\/2015\/01\/DSC05224.jpg 1024w\" sizes=\"auto, (max-width: 300px) 100vw, 300px\" \/><\/a><\/p>\n<p>PROYECTO ESPACIOS ALTERNATIVOS \u00abADULTO MAYOR\u00bb EN CONVENIO CON EL MIES.<\/p>\n<p>DURACI\u00d3N: 1 DE ENERO AL 31 DE DICIEMBRE DEL 2015<\/p>\n<p>APORTE MIES: $11725.87 Pago de \u00a02 Promotoras<\/p>\n<p>APORTE GADPR-L: $ 8223.41 Diferentes actividades<\/p>\n<div id=\"attachment_303\" style=\"width: 310px\" class=\"wp-caption aligncenter\"><a href=\"http:\/\/gplalibertad.gob.ec\/carchi\/wp-content\/uploads\/2015\/01\/DSC06328.jpg\"><img loading=\"lazy\" decoding=\"async\" aria-describedby=\"caption-attachment-303\" class=\"size-medium wp-image-303\" src=\"http:\/\/gplalibertad.gob.ec\/carchi\/wp-content\/uploads\/2015\/01\/DSC06328-300x168.jpg\" alt=\"GIRA DE OBSERVACI\u00d3N PROYECTO ADULTOS MAYORES\" width=\"300\" height=\"168\" data-id=\"303\" srcset=\"https:\/\/gplalibertad.gob.ec\/carchi\/wp-content\/uploads\/2015\/01\/DSC06328-300x168.jpg 300w, https:\/\/gplalibertad.gob.ec\/carchi\/wp-content\/uploads\/2015\/01\/DSC06328.jpg 1024w\" sizes=\"auto, (max-width: 300px) 100vw, 300px\" \/><\/a><p id=\"caption-attachment-303\" class=\"wp-caption-text\">GIRA DE OBSERVACI\u00d3N PROYECTO ADULTOS MAYORES<\/p><\/div>\n<div id=\"attachment_305\" style=\"width: 310px\" class=\"wp-caption aligncenter\"><a href=\"http:\/\/gplalibertad.gob.ec\/carchi\/wp-content\/uploads\/2015\/01\/DSC05467.jpg\"><img loading=\"lazy\" decoding=\"async\" aria-describedby=\"caption-attachment-305\" class=\"size-medium wp-image-305\" src=\"http:\/\/gplalibertad.gob.ec\/carchi\/wp-content\/uploads\/2015\/01\/DSC05467-300x225.jpg\" alt=\"ADULTOS MAYORES EJERCITANDOSE CON BAILOTERAPIA\" width=\"300\" height=\"225\" data-id=\"305\" srcset=\"https:\/\/gplalibertad.gob.ec\/carchi\/wp-content\/uploads\/2015\/01\/DSC05467-300x225.jpg 300w, https:\/\/gplalibertad.gob.ec\/carchi\/wp-content\/uploads\/2015\/01\/DSC05467.jpg 1024w\" sizes=\"auto, (max-width: 300px) 100vw, 300px\" \/><\/a><p id=\"caption-attachment-305\" class=\"wp-caption-text\">ADULTOS MAYORES EJERCITANDOSE CON BAILOTERAPIA<\/p><\/div>\n<p><a href=\"http:\/\/gplalibertad.gob.ec\/carchi\/wp-content\/uploads\/2015\/01\/DSC06964.jpg\"><img loading=\"lazy\" decoding=\"async\" class=\"aligncenter size-medium wp-image-308\" src=\"http:\/\/gplalibertad.gob.ec\/carchi\/wp-content\/uploads\/2015\/01\/DSC06964-300x225.jpg\" alt=\"DSC06964\" width=\"300\" height=\"225\" data-id=\"308\" srcset=\"https:\/\/gplalibertad.gob.ec\/carchi\/wp-content\/uploads\/2015\/01\/DSC06964-300x225.jpg 300w, https:\/\/gplalibertad.gob.ec\/carchi\/wp-content\/uploads\/2015\/01\/DSC06964.jpg 1024w\" sizes=\"auto, (max-width: 300px) 100vw, 300px\" \/><\/a><\/p>\n","protected":false},"excerpt":{"rendered":"<p>PROYECTO DE RESTAURACI\u00d3N FORESTAL CONVENIO CON EL MINISTERIO DEL AMBIENTE POR UN VALOR DE $ 378144.60. EN UN \u00c1REA DE 581.4 DE LAS CUALES 156.6 SON DE REGENERACI\u00d3N NATURAL ASISTIDA, EL OBJETIVO DEL PROYECTO ES LA PROTECCI\u00d3N Y LA CONSERVACI\u00d3N DE CUENCAS HIDRICAS DE LA PARROQUIA LA LIBERTAD. DURACI\u00d3N: 3 a\u00f1os Inicio Agosto 2014. APORTE [&hellip;]<\/p>\n","protected":false},"author":4,"featured_media":0,"comment_status":"closed","ping_status":"closed","sticky":false,"template":"","format":"standard","meta":{"footnotes":""},"categories":[1],"tags":[],"yst_prominent_words":[],"class_list":["post-122","post","type-post","status-publish","format-standard","hentry","category-sin-categoria"],"_links":{"self":[{"href":"https:\/\/gplalibertad.gob.ec\/carchi\/wp-json\/wp\/v2\/posts\/122","targetHints":{"allow":["GET"]}}],"collection":[{"href":"https:\/\/gplalibertad.gob.ec\/carchi\/wp-json\/wp\/v2\/posts"}],"about":[{"href":"https:\/\/gplalibertad.gob.ec\/carchi\/wp-json\/wp\/v2\/types\/post"}],"author":[{"embeddable":true,"href":"https:\/\/gplalibertad.gob.ec\/carchi\/wp-json\/wp\/v2\/users\/4"}],"replies":[{"embeddable":true,"href":"https:\/\/gplalibertad.gob.ec\/carchi\/wp-json\/wp\/v2\/comments?post=122"}],"version-history":[{"count":10,"href":"https:\/\/gplalibertad.gob.ec\/carchi\/wp-json\/wp\/v2\/posts\/122\/revisions"}],"predecessor-version":[{"id":310,"href":"https:\/\/gplalibertad.gob.ec\/carchi\/wp-json\/wp\/v2\/posts\/122\/revisions\/310"}],"wp:attachment":[{"href":"https:\/\/gplalibertad.gob.ec\/carchi\/wp-json\/wp\/v2\/media?parent=122"}],"wp:term":[{"taxonomy":"category","embeddable":true,"href":"https:\/\/gplalibertad.gob.ec\/carchi\/wp-json\/wp\/v2\/categories?post=122"},{"taxonomy":"post_tag","embeddable":true,"href":"https:\/\/gplalibertad.gob.ec\/carchi\/wp-json\/wp\/v2\/tags?post=122"},{"taxonomy":"yst_prominent_words","embeddable":true,"href":"https:\/\/gplalibertad.gob.ec\/carchi\/wp-json\/wp\/v2\/yst_prominent_words?post=122"}],"curies":[{"name":"wp","href":"https:\/\/api.w.org\/{rel}","templated":true}]}}