{"id":117,"date":"2016-02-04T16:08:01","date_gmt":"2016-02-04T20:08:01","guid":{"rendered":"http:\/\/gplalibertad.gob.ec\/carchi\/?p=117"},"modified":"2017-02-27T13:20:44","modified_gmt":"2017-02-27T17:20:44","slug":"festividades","status":"publish","type":"post","link":"https:\/\/gplalibertad.gob.ec\/carchi\/festividades\/","title":{"rendered":"Festividades"},"content":{"rendered":"<p><a href=\"http:\/\/gplalibertad.gob.ec\/carchi\/wp-content\/uploads\/2011\/10\/12499224_1055433284528001_757519441_o.jpg\"><img loading=\"lazy\" decoding=\"async\" class=\"aligncenter wp-image-237 \" src=\"http:\/\/gplalibertad.gob.ec\/carchi\/wp-content\/uploads\/2011\/10\/12499224_1055433284528001_757519441_o-1024x749.jpg\" alt=\"Sr. Presidente Alfredo Estrada Sras. Vocales : Rosa Quelal, Diana Vaca, Sara Pozo Lic. Manuel Pulles. Srta. Reina de la Libertad Diana Huertas Ing. Ang\u00e9lica Guerrero\" width=\"550\" height=\"402\" data-id=\"237\" srcset=\"https:\/\/gplalibertad.gob.ec\/carchi\/wp-content\/uploads\/2011\/10\/12499224_1055433284528001_757519441_o.jpg 1024w, https:\/\/gplalibertad.gob.ec\/carchi\/wp-content\/uploads\/2011\/10\/12499224_1055433284528001_757519441_o-300x219.jpg 300w\" sizes=\"auto, (max-width: 550px) 100vw, 550px\" \/><\/a><\/p>\n<p style=\"text-align: center;\">Sr. Presidente Alfredo Estrada<br \/>\nSras. Vocales : Rosa Quelal, Diana Vaca, Sara Pozo Lic. Manuel Pulles.<br \/>\nSrta. Reina de la Libertad Diana Huertas<br \/>\nIng. Ang\u00e9lica Guerrero<!--more--><a style=\"background-color: #f3f3f3;\" href=\"http:\/\/gplalibertad.gob.ec\/carchi\/wp-content\/uploads\/2016\/02\/CYMERA_20150911_120802.jpg\"><img loading=\"lazy\" decoding=\"async\" class=\"size-medium wp-image-283\" src=\"http:\/\/gplalibertad.gob.ec\/carchi\/wp-content\/uploads\/2016\/02\/CYMERA_20150911_120802-300x225.jpg\" alt=\"GRUPO DE DANZA PISMACAL DEL GADPR- LA LIBERTAD\" width=\"300\" height=\"225\" data-id=\"283\" srcset=\"https:\/\/gplalibertad.gob.ec\/carchi\/wp-content\/uploads\/2016\/02\/CYMERA_20150911_120802-300x225.jpg 300w, https:\/\/gplalibertad.gob.ec\/carchi\/wp-content\/uploads\/2016\/02\/CYMERA_20150911_120802.jpg 1024w\" sizes=\"auto, (max-width: 300px) 100vw, 300px\" \/><\/a><\/p>\n<p>GRUPO DE DANZA PISMACAL DEL GADPR- LA LIBERTAD<\/p>\n<div id=\"attachment_280\" style=\"width: 310px\" class=\"wp-caption aligncenter\"><a href=\"http:\/\/gplalibertad.gob.ec\/carchi\/wp-content\/uploads\/2016\/02\/DSC07097.jpg\"><img loading=\"lazy\" decoding=\"async\" aria-describedby=\"caption-attachment-280\" class=\"size-medium wp-image-280\" src=\"http:\/\/gplalibertad.gob.ec\/carchi\/wp-content\/uploads\/2016\/02\/DSC07097-300x225.jpg\" alt=\"PARTICIPACI\u00d3N SUB CENTRO DE SALUD PREG\u00d3N DE FIESTAS\" width=\"300\" height=\"225\" data-id=\"280\" srcset=\"https:\/\/gplalibertad.gob.ec\/carchi\/wp-content\/uploads\/2016\/02\/DSC07097-300x225.jpg 300w, https:\/\/gplalibertad.gob.ec\/carchi\/wp-content\/uploads\/2016\/02\/DSC07097.jpg 1024w\" sizes=\"auto, (max-width: 300px) 100vw, 300px\" \/><\/a><p id=\"caption-attachment-280\" class=\"wp-caption-text\">PARTICIPACI\u00d3N SUB CENTRO DE SALUD<\/p><\/div>\n<p style=\"text-align: center;\"><img loading=\"lazy\" decoding=\"async\" class=\" size-full wp-image-116\" src=\"http:\/\/gplalibertad.gob.ec\/carchi\/wp-content\/uploads\/2011\/10\/DSC002152.jpg\" alt=\"DSC002152\" width=\"650\" height=\"366\" srcset=\"https:\/\/gplalibertad.gob.ec\/carchi\/wp-content\/uploads\/2011\/10\/DSC002152.jpg 650w, https:\/\/gplalibertad.gob.ec\/carchi\/wp-content\/uploads\/2011\/10\/DSC002152-300x168.jpg 300w\" sizes=\"auto, (max-width: 650px) 100vw, 650px\" \/><\/p>\n<p><strong>\u00a0<\/strong><\/p>\n<p>La Libertad celebra sus fiestas parroquiales cada 26 de enero, adem\u00e1s durante todo el a\u00f1o el pueblo libertense expresa su devoci\u00f3n a la Virgen del Carmen, San Francisco, San Pedro, La Dolorosa, San Isidro, La Virgen del Rosario, San Vicente Ferrer, La Virgen de Pompeya, Santa Teresita, El Ni\u00f1o Jes\u00fas.<\/p>\n<p>&nbsp;<\/p>\n","protected":false},"excerpt":{"rendered":"<p>Sr. Presidente Alfredo Estrada Sras. Vocales : Rosa Quelal, Diana Vaca, Sara Pozo Lic. Manuel Pulles. Srta. Reina de la Libertad Diana Huertas Ing. Ang\u00e9lica Guerrero<\/p>\n","protected":false},"author":4,"featured_media":116,"comment_status":"closed","ping_status":"closed","sticky":false,"template":"","format":"gallery","meta":{"footnotes":""},"categories":[8],"tags":[],"yst_prominent_words":[47,41],"class_list":["post-117","post","type-post","status-publish","format-gallery","has-post-thumbnail","hentry","category-c36-ultimas-noticias","post_format-post-format-gallery"],"_links":{"self":[{"href":"https:\/\/gplalibertad.gob.ec\/carchi\/wp-json\/wp\/v2\/posts\/117","targetHints":{"allow":["GET"]}}],"collection":[{"href":"https:\/\/gplalibertad.gob.ec\/carchi\/wp-json\/wp\/v2\/posts"}],"about":[{"href":"https:\/\/gplalibertad.gob.ec\/carchi\/wp-json\/wp\/v2\/types\/post"}],"author":[{"embeddable":true,"href":"https:\/\/gplalibertad.gob.ec\/carchi\/wp-json\/wp\/v2\/users\/4"}],"replies":[{"embeddable":true,"href":"https:\/\/gplalibertad.gob.ec\/carchi\/wp-json\/wp\/v2\/comments?post=117"}],"version-history":[{"count":12,"href":"https:\/\/gplalibertad.gob.ec\/carchi\/wp-json\/wp\/v2\/posts\/117\/revisions"}],"predecessor-version":[{"id":346,"href":"https:\/\/gplalibertad.gob.ec\/carchi\/wp-json\/wp\/v2\/posts\/117\/revisions\/346"}],"wp:featuredmedia":[{"embeddable":true,"href":"https:\/\/gplalibertad.gob.ec\/carchi\/wp-json\/wp\/v2\/media\/116"}],"wp:attachment":[{"href":"https:\/\/gplalibertad.gob.ec\/carchi\/wp-json\/wp\/v2\/media?parent=117"}],"wp:term":[{"taxonomy":"category","embeddable":true,"href":"https:\/\/gplalibertad.gob.ec\/carchi\/wp-json\/wp\/v2\/categories?post=117"},{"taxonomy":"post_tag","embeddable":true,"href":"https:\/\/gplalibertad.gob.ec\/carchi\/wp-json\/wp\/v2\/tags?post=117"},{"taxonomy":"yst_prominent_words","embeddable":true,"href":"https:\/\/gplalibertad.gob.ec\/carchi\/wp-json\/wp\/v2\/yst_prominent_words?post=117"}],"curies":[{"name":"wp","href":"https:\/\/api.w.org\/{rel}","templated":true}]}}