{"id":105,"date":"2011-10-04T15:56:12","date_gmt":"2011-10-04T19:56:12","guid":{"rendered":"http:\/\/gplalibertad.gob.ec\/carchi\/?p=105"},"modified":"2011-10-04T15:56:12","modified_gmt":"2011-10-04T19:56:12","slug":"simbolos-parroquiales","status":"publish","type":"post","link":"https:\/\/gplalibertad.gob.ec\/carchi\/simbolos-parroquiales\/","title":{"rendered":"S\u00edmbolos Parroquiales"},"content":{"rendered":"<p style=\"text-align: center;\"><strong>ESCUDO<\/strong><\/p>\n<p style=\"text-align: center;\"><strong><img loading=\"lazy\" decoding=\"async\" class=\" size-full wp-image-104\" alt=\"EscudoLaLiber\" src=\"http:\/\/gplalibertad.gob.ec\/carchi\/wp-content\/uploads\/2011\/10\/EscudoLaLiber.jpg\" height=\"287\" width=\"250\" \/><br \/><\/strong><\/p>\n<p style=\"text-align: justify;\"><strong>EL MARCO.-<\/strong> De color oro, riqueza, \u00e9xito. Su forma de cabeza estilizada, de un b\u00faho, significado vigilia hacia el progreso de la Parroquia. En su parte superior lleva adornos sim\u00e9tricos, hojas de \u00e1rbol de aliso que recuerda sus or\u00edgenes y formaci\u00f3n de Pueblo con su identidad. Las hojas forman una especie de alas s\u00edmbolos de Libertad.<\/p>\n<p style=\"text-align: justify;\"><strong>EL TRIANGULO.-<\/strong> De color plateado refleja la nobleza de su gente, representa la trilog\u00eda con sus autoridades, instituciones y el pueblo en la lucha constante hacia el desarrollo social, econ\u00f3mico y pol\u00edtico.<\/p>\n<p style=\"text-align: justify;\"><strong>EL LIBRO.-<\/strong> En proyecci\u00f3n hacia una educaci\u00f3n de calidad, ciencia, cultura, igualdad y equilibrio social.<\/p>\n<p style=\"text-align: justify;\"><strong>EL SURCO.- <\/strong>El surco de color verde, representa su fecundo trabajo agr\u00edcola y parte del surco de color rojo, simboliza su historia de tendencia liberal, tierra de valientes, ejemplo de lealtad y amor c\u00edvico.<\/p>\n<p style=\"text-align: justify;\"><strong>EL CERRO.- <\/strong>Representa la geograf\u00eda fuerte, productiva El Pusto, Loma Alta, Pan de Az\u00facar, El Pelado, El Payurco, belleza natural, fortaleza y custodios eternos del Cant\u00f3n Espejo.<\/p>\n<p style=\"text-align: justify;\"><strong>EL SOL.-<\/strong> El sol de la verdad y la justicia sobre un infinito cielo azul como el alma de sus habitantes.<\/p>\n<p style=\"text-align: justify;\"><strong>LA CORONA.-<\/strong> Simboliza la religiosidad cat\u00f3lica de su pueblo desde tiempos pasados.<\/p>\n<p style=\"text-align: justify;\"><strong>LAS MANOS.- <\/strong>Representan la humildad de San Francisco, Patrono de La Parroquia La Libertad.<\/p>\n<p style=\"text-align: justify;\"><strong>LA RUEDA DEL TRABAJO.-<\/strong> Simboliza el trabajo organizado, permanente, con visi\u00f3n tecnol\u00f3gica hacia el futuro.<\/p>\n<p style=\"text-align: justify;\"><strong>BOTIJUELA.-<\/strong> Representa la cultura Pasto en su diferente fase. Cer\u00e1mica hermosa orgullo de nuestra identidad Carchense, historia milenaria, arte, e ingenio creativo.<\/p>\n<p style=\"text-align: justify;\"><strong>FRAILEJON.-<\/strong> Representa identidad, ecol\u00f3gica, turismo, paisaje, geograf\u00eda inconfundible de ternura y belleza.<\/p>\n<p style=\"text-align: center;\"><span><strong>LA BANDERA<\/strong><\/span><\/p>\n<p style=\"text-align: justify;\"><span>Esta formada de<span> <\/span>dos colores. El Blanco en la parte superior horizontal significa nobleza, transparencia y<span> <\/span>firmeza. El Rojo<span> <\/span>en la parte<span> <\/span>horizontal<span> <\/span>significara<span> <\/span>fuerza, valent\u00eda, justicia y amor c\u00edvico a la patria.<\/span><\/p>\n","protected":false},"excerpt":{"rendered":"<p>ESCUDO EL MARCO.- De color oro, riqueza, \u00e9xito. Su forma de cabeza estilizada, de un b\u00faho, significado vigilia hacia el progreso de la Parroquia. En su parte superior lleva adornos sim\u00e9tricos, hojas de \u00e1rbol de aliso que recuerda sus or\u00edgenes y formaci\u00f3n de Pueblo con su identidad. Las hojas forman una especie de alas s\u00edmbolos [&hellip;]<\/p>\n","protected":false},"author":4,"featured_media":104,"comment_status":"closed","ping_status":"closed","sticky":false,"template":"","format":"standard","meta":{"footnotes":""},"categories":[1],"tags":[],"yst_prominent_words":[],"class_list":["post-105","post","type-post","status-publish","format-standard","has-post-thumbnail","hentry","category-sin-categoria"],"_links":{"self":[{"href":"https:\/\/gplalibertad.gob.ec\/carchi\/wp-json\/wp\/v2\/posts\/105","targetHints":{"allow":["GET"]}}],"collection":[{"href":"https:\/\/gplalibertad.gob.ec\/carchi\/wp-json\/wp\/v2\/posts"}],"about":[{"href":"https:\/\/gplalibertad.gob.ec\/carchi\/wp-json\/wp\/v2\/types\/post"}],"author":[{"embeddable":true,"href":"https:\/\/gplalibertad.gob.ec\/carchi\/wp-json\/wp\/v2\/users\/4"}],"replies":[{"embeddable":true,"href":"https:\/\/gplalibertad.gob.ec\/carchi\/wp-json\/wp\/v2\/comments?post=105"}],"version-history":[{"count":0,"href":"https:\/\/gplalibertad.gob.ec\/carchi\/wp-json\/wp\/v2\/posts\/105\/revisions"}],"wp:featuredmedia":[{"embeddable":true,"href":"https:\/\/gplalibertad.gob.ec\/carchi\/wp-json\/wp\/v2\/media\/104"}],"wp:attachment":[{"href":"https:\/\/gplalibertad.gob.ec\/carchi\/wp-json\/wp\/v2\/media?parent=105"}],"wp:term":[{"taxonomy":"category","embeddable":true,"href":"https:\/\/gplalibertad.gob.ec\/carchi\/wp-json\/wp\/v2\/categories?post=105"},{"taxonomy":"post_tag","embeddable":true,"href":"https:\/\/gplalibertad.gob.ec\/carchi\/wp-json\/wp\/v2\/tags?post=105"},{"taxonomy":"yst_prominent_words","embeddable":true,"href":"https:\/\/gplalibertad.gob.ec\/carchi\/wp-json\/wp\/v2\/yst_prominent_words?post=105"}],"curies":[{"name":"wp","href":"https:\/\/api.w.org\/{rel}","templated":true}]}}