{"id":103,"date":"2011-10-04T15:54:34","date_gmt":"2011-10-04T19:54:34","guid":{"rendered":"http:\/\/gplalibertad.gob.ec\/carchi\/?p=103"},"modified":"2011-10-04T15:54:34","modified_gmt":"2011-10-04T19:54:34","slug":"datos-generales","status":"publish","type":"post","link":"https:\/\/gplalibertad.gob.ec\/carchi\/datos-generales\/","title":{"rendered":"Datos Generales"},"content":{"rendered":"<p style=\"text-align: justify;\"><span>Esta tierra se encuentra rodeada por grandes ecosistemas y bellezas paisaj\u00edsticas como el bosque de Polilepys , la Reserva ecol\u00f3gica \u201cEl \u00c1ngel\u201d y las arterias hidrogr\u00e1ficas de los r\u00edos Guarmiacu (r\u00edo hembra). <\/span><\/p>\n<p style=\"text-align: justify;\"><span>Cariacu (r\u00edo macho) y el Chiriacu( hijo). Con respecto a la actual distribuci\u00f3n pol\u00edtica la parroquia cuenta con los siguientes barrios: barrio Eloy Alfaro que en un principio fue conocido como San Francisco, Jes\u00fas de Gran Poder, San Antonio de Playas que en su inicio fue conocido como el Callej\u00f3n, San Francisco, San Isidro m\u00e1s com\u00fanmente conocido como el Vicundo, Santa Teresita m\u00e1s conocido como La chorrera, san Vicente como el sector del Balso o la Cruz, la Dolorosa ; estos nombres se deben a la religi\u00f3n cat\u00f3lica que profesan sus habitantes; aproximadamente hasta la fecha la parroquia cuenta con una poblaci\u00f3n de 4500 habitantes y su extensi\u00f3n de 148.8Km.<\/span><\/p>\n<p><strong>PRINCIPALES PERSONAJES<\/strong><\/p>\n<p style=\"text-align: justify;\">Miguel Pozo, Manuel Narv\u00e1ez, Zoilo \u00c1lvarez, Trinidad Chafuel, Manuel \u00c1lvarez, Emeterio Salazar, Benjam\u00edn \u00c1lvarez, Dioselina Salazar, Gonzalo \u00c1lvarez, Amelia Enr\u00edquez, Enriqueta Moran, Balbina \u00c1lvarez y Celia Navarrete.<\/p>\n","protected":false},"excerpt":{"rendered":"<p>Esta tierra se encuentra rodeada por grandes ecosistemas y bellezas paisaj\u00edsticas como el bosque de Polilepys , la Reserva ecol\u00f3gica \u201cEl \u00c1ngel\u201d y las arterias hidrogr\u00e1ficas de los r\u00edos Guarmiacu (r\u00edo hembra). Cariacu (r\u00edo macho) y el Chiriacu( hijo). Con respecto a la actual distribuci\u00f3n pol\u00edtica la parroquia cuenta con los siguientes barrios: barrio Eloy [&hellip;]<\/p>\n","protected":false},"author":4,"featured_media":0,"comment_status":"closed","ping_status":"closed","sticky":false,"template":"","format":"standard","meta":{"footnotes":""},"categories":[1],"tags":[],"yst_prominent_words":[39,41],"class_list":["post-103","post","type-post","status-publish","format-standard","hentry","category-sin-categoria"],"_links":{"self":[{"href":"https:\/\/gplalibertad.gob.ec\/carchi\/wp-json\/wp\/v2\/posts\/103","targetHints":{"allow":["GET"]}}],"collection":[{"href":"https:\/\/gplalibertad.gob.ec\/carchi\/wp-json\/wp\/v2\/posts"}],"about":[{"href":"https:\/\/gplalibertad.gob.ec\/carchi\/wp-json\/wp\/v2\/types\/post"}],"author":[{"embeddable":true,"href":"https:\/\/gplalibertad.gob.ec\/carchi\/wp-json\/wp\/v2\/users\/4"}],"replies":[{"embeddable":true,"href":"https:\/\/gplalibertad.gob.ec\/carchi\/wp-json\/wp\/v2\/comments?post=103"}],"version-history":[{"count":0,"href":"https:\/\/gplalibertad.gob.ec\/carchi\/wp-json\/wp\/v2\/posts\/103\/revisions"}],"wp:attachment":[{"href":"https:\/\/gplalibertad.gob.ec\/carchi\/wp-json\/wp\/v2\/media?parent=103"}],"wp:term":[{"taxonomy":"category","embeddable":true,"href":"https:\/\/gplalibertad.gob.ec\/carchi\/wp-json\/wp\/v2\/categories?post=103"},{"taxonomy":"post_tag","embeddable":true,"href":"https:\/\/gplalibertad.gob.ec\/carchi\/wp-json\/wp\/v2\/tags?post=103"},{"taxonomy":"yst_prominent_words","embeddable":true,"href":"https:\/\/gplalibertad.gob.ec\/carchi\/wp-json\/wp\/v2\/yst_prominent_words?post=103"}],"curies":[{"name":"wp","href":"https:\/\/api.w.org\/{rel}","templated":true}]}}