{"id":102,"date":"2011-04-14T01:23:28","date_gmt":"2011-04-14T05:23:28","guid":{"rendered":"http:\/\/gplalibertad.gob.ec\/carchi\/?p=102"},"modified":"2011-04-14T01:23:28","modified_gmt":"2011-04-14T05:23:28","slug":"situacion-geografica","status":"publish","type":"post","link":"https:\/\/gplalibertad.gob.ec\/carchi\/situacion-geografica\/","title":{"rendered":"Situaci\u00f3n Geogr\u00e1fica"},"content":{"rendered":"<p style=\"text-align: justify;\"><span>La libertad esta ubicada en las estribaciones de la cordillera Occidental de los Andes, al Noroccidente de la ciudad de El \u00c1ngel, a una distancia de 4.5 k de la cabecera cantonal. La altura es de 3000 msnm. Tiene una superficie de 250 kil\u00f3metros cuadrados. <\/span><\/p>\n<p style=\"text-align: justify;\"><span>Su poblaci\u00f3n es de 5000 habitantes. <\/span><\/p>\n<p><span>L\u00edmites de La Libertad<span> <\/span>Por el <strong>NORTE<\/strong> los montes de Tufi\u00f1o y la parroquia de Maldonado, por el <strong>SUR<\/strong> limita con la ciudad del \u00c1ngel<span> <\/span>cuyo l\u00edmite natural es el r\u00edo Bobo desde la hacienda la esperanza aguas abajo hasta la confluencia del r\u00edo Ingueza, por el <strong>ESTE<\/strong> desde la hacienda la Esperanza l\u00edmite natural el r\u00edo Bobo hasta<span> <\/span>el punto denominado Chorro Blanco, al <strong>NOR ESTE <\/strong>con las monta\u00f1as de Mor\u00e1n<span> <\/span>y la Cortadera hasta la elevaci\u00f3n del Chiltaz\u00f3n<\/span><\/p>\n<p style=\"text-align: center;\">\u00a0<\/p>\n<p style=\"text-align: center;\"><span><br \/><small><a href=\"http:\/\/maps.google.com.ec\/maps?q=la+libertad+carchi&#038;ie=UTF8&#038;hq=&#038;hnear=La+Libertad,+Carchi&#038;gl=ec&#038;ll=0.654249,-77.943881&#038;spn=0.186069,0.338173&#038;t=m&#038;z=12&#038;vpsrc=6&#038;source=embed\" style=\"color:#0000FF;text-align:left\">Ver mapa m\u00e1s grande<\/a><\/small><\/span><\/p>\n<p>adem\u00e1s esta tierra se encuentra rodeada por grandes ecosistemas y bellezas paisaj\u00edsticas como el bosque de Polilepys , la Reserva ecol\u00f3gica \u201cEl \u00c1ngel\u201d y las arterias hidrogr\u00e1ficas de los r\u00edos Guarmiacu (r\u00edo hembra). Cariacu (r\u00edo macho) y el Chiriacu( hijo). Con respecto a la actual distribuci\u00f3n pol\u00edtica la parroquia cuenta con los siguientes barrios: barrio Eloy Alfaro que en un principio fue conocido como San Francisco, Jes\u00fas de Gran Poder, San Antonio de Playas que en su inicio fue conocido como el Callej\u00f3n, San Francisco, San Isidro m\u00e1s com\u00fanmente conocido como el Vicundo, Santa Teresita m\u00e1s conocido como La chorrera, san Vicente como el sector del Balso o la Cruz, la Dolorosa ; estos nombres se deben a la religi\u00f3n cat\u00f3lica que profesan sus habitantes; aproximadamente hasta la fecha la parroquia cuenta con una poblaci\u00f3n de 4500 habitantes y su extensi\u00f3n de 148.8Km.<\/p>\n","protected":false},"excerpt":{"rendered":"<p>La libertad esta ubicada en las estribaciones de la cordillera Occidental de los Andes, al Noroccidente de la ciudad de El \u00c1ngel, a una distancia de 4.5 k de la cabecera cantonal. La altura es de 3000 msnm. Tiene una superficie de 250 kil\u00f3metros cuadrados. Su poblaci\u00f3n es de 5000 habitantes. L\u00edmites de La Libertad [&hellip;]<\/p>\n","protected":false},"author":4,"featured_media":0,"comment_status":"closed","ping_status":"closed","sticky":false,"template":"","format":"standard","meta":{"footnotes":""},"categories":[1],"tags":[],"yst_prominent_words":[],"class_list":["post-102","post","type-post","status-publish","format-standard","hentry","category-sin-categoria"],"_links":{"self":[{"href":"https:\/\/gplalibertad.gob.ec\/carchi\/wp-json\/wp\/v2\/posts\/102","targetHints":{"allow":["GET"]}}],"collection":[{"href":"https:\/\/gplalibertad.gob.ec\/carchi\/wp-json\/wp\/v2\/posts"}],"about":[{"href":"https:\/\/gplalibertad.gob.ec\/carchi\/wp-json\/wp\/v2\/types\/post"}],"author":[{"embeddable":true,"href":"https:\/\/gplalibertad.gob.ec\/carchi\/wp-json\/wp\/v2\/users\/4"}],"replies":[{"embeddable":true,"href":"https:\/\/gplalibertad.gob.ec\/carchi\/wp-json\/wp\/v2\/comments?post=102"}],"version-history":[{"count":0,"href":"https:\/\/gplalibertad.gob.ec\/carchi\/wp-json\/wp\/v2\/posts\/102\/revisions"}],"wp:attachment":[{"href":"https:\/\/gplalibertad.gob.ec\/carchi\/wp-json\/wp\/v2\/media?parent=102"}],"wp:term":[{"taxonomy":"category","embeddable":true,"href":"https:\/\/gplalibertad.gob.ec\/carchi\/wp-json\/wp\/v2\/categories?post=102"},{"taxonomy":"post_tag","embeddable":true,"href":"https:\/\/gplalibertad.gob.ec\/carchi\/wp-json\/wp\/v2\/tags?post=102"},{"taxonomy":"yst_prominent_words","embeddable":true,"href":"https:\/\/gplalibertad.gob.ec\/carchi\/wp-json\/wp\/v2\/yst_prominent_words?post=102"}],"curies":[{"name":"wp","href":"https:\/\/api.w.org\/{rel}","templated":true}]}}