{"id":101,"date":"2011-04-14T01:20:33","date_gmt":"2011-04-14T05:20:33","guid":{"rendered":"http:\/\/gplalibertad.gob.ec\/carchi\/?p=101"},"modified":"2011-04-14T01:20:33","modified_gmt":"2011-04-14T05:20:33","slug":"historia","status":"publish","type":"post","link":"https:\/\/gplalibertad.gob.ec\/carchi\/historia\/","title":{"rendered":"Historia"},"content":{"rendered":"<p align=\"center\"><b><span>RESE\u00d1A HIST\u00d3RICA DE LA PARROQUIA LA LIBERTAD<\/span><\/b><\/p>\n<p align=\"center\"><b><span><img loading=\"lazy\" decoding=\"async\" class=\" size-full wp-image-100\" style=\"display: block; margin-left: auto; margin-right: auto;\" alt=\"DSC00463\" height=\"488\" width=\"650\" src=\"http:\/\/gplalibertad.gob.ec\/carchi\/wp-content\/uploads\/2011\/04\/DSC00463.jpg\" srcset=\"https:\/\/gplalibertad.gob.ec\/carchi\/wp-content\/uploads\/2011\/04\/DSC00463.jpg 1024w, https:\/\/gplalibertad.gob.ec\/carchi\/wp-content\/uploads\/2011\/04\/DSC00463-300x225.jpg 300w\" sizes=\"auto, (max-width: 650px) 100vw, 650px\" \/><br \/><\/span><\/b><\/p>\n<p><span> <\/span><\/p>\n<p style=\"text-align: justify;\"><span>Es importante hacer una retrospecci\u00f3n hist\u00f3rica de ese pasado glorioso donde grandes hombres de nuestro terru\u00f1o han hecho prevalecer el amor a su tierra y en una forma altruista y desinteresada han<span> <\/span>forjado un presente y un futuro promisorio para sus hijos.<\/span><\/p>\n<p style=\"text-align: justify;\"><span>Es as\u00ed como toda persona, toda instituci\u00f3n, todo pueblo tiene su historia y su concepci\u00f3n dial\u00e9ctica<span> <\/span>para forjarse un mejor porvenir.<\/span><\/p>\n<p style=\"text-align: justify;\"><span> <\/span><\/p>\n<p style=\"text-align: justify;\"><span>El caser\u00edo el<b> ALISO<\/b> cuyo nombre<span> <\/span>corresponde a la existencia excesiva de \u00e1rboles de <b>ALISO<\/b>, el mismo que tubo que pasar por la formaciones socio econ\u00f3micas esclavistas<span> <\/span>feudalista, esclavista ya que en las grandes haciendas se estableci\u00f3 un sistema de esclavitud y explotaci\u00f3n y por ende los huasipungos que era la entrega de peque\u00f1as parcelas de tierra a los campesinos a cambio del trabajo gratuito en las haciendas.<span> <\/span>En la actualidad predomina un sistema capitalista basado en el desigual reparto de la riqueza y la divisi\u00f3n de clases sociales<\/span><\/p>\n<p style=\"text-align: justify;\"><span> <\/span><\/p>\n<p style=\"text-align: justify;\"><span>Desde lo que fue caser\u00edo el <b>ALISO<\/b> sus habitantes siempre han tratado de verle a su pueblo cada vez m\u00e1s grande y<span> <\/span>m\u00e1s prospero ,y de esta manera reivindicar sud sagrados derechos,<span> <\/span>para el a\u00f1o de1916 se forman la primera comisi\u00f3n de personas entusiasta , desinteresadas; todo por el amor y cari\u00f1o a su terru\u00f1o la misma que estuvo integrada por las siguientes personas: Jorge Vela, Medardo \u00c1lvarez, Miguel Pozo, Manuel Narv\u00e1ez, Zoilo \u00c1lvarez, Trinidad Chafuel, Manuel \u00c1lvarez Emeterio Salazar, Benjam\u00edn \u00c1lvarez, Dioselina Salazar, Gonzalo \u00c1lvarez, Amelia Enr\u00edquez, Enriqueta Moran, , Balbina \u00c1lvarez y Celia Navarrete quien fue la primera profesora de la escuela de ni\u00f1as Dolores Sucre todos embase a la direcci\u00f3n de un gran l\u00edder y benefactor el se\u00f1or Tob\u00edas Tamayo hacendado del ALISO; El mismo que don\u00f3 los terrenos para la construcci\u00f3n de la iglesia, escuelas y plaza principal actualmente el parque en donde se ha levantado un busto en honor a su nombre y perennizar su memoria.<\/span><\/p>\n<p style=\"text-align: justify;\"><span> <\/span><\/p>\n<p style=\"text-align: justify;\"><span>Su lema \u201crendirse Jam\u00e1s\u201d en forma insistente se realizaba las comisiones a la ciudad de Quito con la finalidad de conseguir su misi\u00f3n y visi\u00f3n de que el caser\u00edo el<span style=\"text-decoration: underline;\"> <\/span><b>ALISO <\/b>perteneciente<b> a <\/b>la parroquia \u201cEl \u00c1ngel\u201d sea elevado a categor\u00eda de parroquia, su car\u00e1cter indomable por ser descendientes de los Pastos que no se dejaron doblegar ante la cultura Incaica.<\/span><\/p>\n<p style=\"text-align: justify;\"><span> <\/span><\/p>\n<p style=\"text-align: justify;\"><span>El \u00edmpetu revolucionario de nuestros antepasados y ante la insistencia realizada al gobierno central se logra convencer al presidente de la rep\u00fablica el Dr. Isidro Ayora el 2 de enero de 1930 , consiguiendo el decreto ejecutivo de creaci\u00f3n de la parroquia civil. Esta \u00faltima comisi\u00f3n estuvo integrada por los se\u00f1ores: Jorge Vela, Manuel \u00c1lvarez, Medardo \u00c1lvarez, Reinaldo Vallejo, Jos\u00e9 Guam\u00e1n y Trinidad Ch\u00e1fuel.<\/span><\/p>\n<p style=\"text-align: justify;\"><span> <\/span><\/p>\n<p style=\"text-align: justify;\"><span>El decreto Ejecutivo manifiesta lo siguiente:<\/span><\/p>\n<p style=\"text-align: justify;\"><span>Ministerio del Interior y Municipalidad, Quito, 2 de enero de 1930. Aprobado por el Acuerdo Ejecutivo Nr\u00ba01 de esta fecha.<\/span><\/p>\n<p style=\"text-align: justify;\"><span>El Ministro de gobierno Julio Moreno Y el Secretario J. Barrera; conjuntamente con el presidente de la rep\u00fablica Isidro Ayora, vista la Solicitud del Ilustre Consejo de Tulc\u00e1n que se aprueba la ordenanza dictada el 7 de noviembre del a\u00f1o anterior elevando a la categor\u00eda de parroquia rural al caser\u00edo El <b>ALISO<\/b> con el nombre de \u201cLa Libertad\u201d .<\/span><\/p>\n<p style=\"text-align: justify;\"><span> <\/span><\/p>\n<p style=\"text-align: justify;\"><span>CONSIDERANDO:<\/span><\/p>\n<p style=\"text-align: justify;\"><span>Aprobar la expresada ordenanza en concordancia con el numeral 28 del art\u00edculo 17 de la nueva Ley de R\u00e9gimen Municipal.<\/span><\/p>\n<p style=\"text-align: justify;\"><span>Comun\u00edquese en el palacio de Gobierno. Quito 2 de enero de 1930 por el Sr. Presidente de la rep\u00fablica y el ministro de lo Interior Julio Moreno. La inauguraci\u00f3n oficial de la nueva parroquia rural se la realiza el 26 de enero de 1930 con la presencia de las principales autoridades de la provincia, el cant\u00f3n y la naciente parroquia;<span> <\/span>Sr. Jos\u00e9 Grijalva Gobernador , Sr. Jos\u00e9 Villamar Director de estudios,<span> <\/span>Sr. Jorge Vela primer teniente pol\u00edtico ,<span> <\/span>Sr. Medardo \u00c1lvarez primer secretario y los primeros jueces: Sr. Tom\u00e1s Enr\u00edquez y Sr. Zoilo \u00c1lvarez. <\/span><\/p>\n<p style=\"text-align: justify;\"><span>El Nombre de \u201cLibertad\u201d de la in\u00e9dita parroquia se debe a que el caser\u00edo \u201cEl <b>ALISO<\/b>\u201d en un 90% de la poblaci\u00f3n profesaba la doctrina liberal y por ser<span> <\/span>uno de los principios establecidos por la Revoluci\u00f3n Francesa. Tambi\u00e9n este pueblo se le dio el calificativo \u201c<b>La tierra de los calpos<\/b>\u201d ya que exist\u00eda una producci\u00f3n exuberante de habas y nuestros antepasados acostumbraban en su dieta alimenticia las habas tostadas y cosidas al fuego, <\/span><\/p>\n<p style=\"text-align: justify;\"><span>FECHA DE CREACI\u00d3N DE CREACI\u00d3N DE LA PARROQUIA <\/span><\/p>\n<p style=\"text-align: justify;\"><span>2 de enero de 1930 <\/span><\/p>\n<p style=\"text-align: justify;\"><span>FUNDADORES <\/span><\/p>\n<p style=\"text-align: justify;\"><span>Tob\u00edas Tamayo como el primer Benefactor <\/span><\/p>\n<p style=\"text-align: justify;\"><span>Jorge Vela<span> <\/span>primer Teniente Pol\u00edtico<\/span><\/p>\n<p style=\"text-align: justify;\"><span>Medardo \u00c1lvarez Primer secretario<\/span><\/p>\n","protected":false},"excerpt":{"rendered":"<p>RESE\u00d1A HIST\u00d3RICA DE LA PARROQUIA LA LIBERTAD Es importante hacer una retrospecci\u00f3n hist\u00f3rica de ese pasado glorioso donde grandes hombres de nuestro terru\u00f1o han hecho prevalecer el amor a su tierra y en una forma altruista y desinteresada han forjado un presente y un futuro promisorio para sus hijos. Es as\u00ed como toda persona, toda [&hellip;]<\/p>\n","protected":false},"author":4,"featured_media":100,"comment_status":"closed","ping_status":"closed","sticky":false,"template":"","format":"standard","meta":{"footnotes":""},"categories":[8],"tags":[],"yst_prominent_words":[],"class_list":["post-101","post","type-post","status-publish","format-standard","has-post-thumbnail","hentry","category-c36-ultimas-noticias"],"_links":{"self":[{"href":"https:\/\/gplalibertad.gob.ec\/carchi\/wp-json\/wp\/v2\/posts\/101","targetHints":{"allow":["GET"]}}],"collection":[{"href":"https:\/\/gplalibertad.gob.ec\/carchi\/wp-json\/wp\/v2\/posts"}],"about":[{"href":"https:\/\/gplalibertad.gob.ec\/carchi\/wp-json\/wp\/v2\/types\/post"}],"author":[{"embeddable":true,"href":"https:\/\/gplalibertad.gob.ec\/carchi\/wp-json\/wp\/v2\/users\/4"}],"replies":[{"embeddable":true,"href":"https:\/\/gplalibertad.gob.ec\/carchi\/wp-json\/wp\/v2\/comments?post=101"}],"version-history":[{"count":0,"href":"https:\/\/gplalibertad.gob.ec\/carchi\/wp-json\/wp\/v2\/posts\/101\/revisions"}],"wp:featuredmedia":[{"embeddable":true,"href":"https:\/\/gplalibertad.gob.ec\/carchi\/wp-json\/wp\/v2\/media\/100"}],"wp:attachment":[{"href":"https:\/\/gplalibertad.gob.ec\/carchi\/wp-json\/wp\/v2\/media?parent=101"}],"wp:term":[{"taxonomy":"category","embeddable":true,"href":"https:\/\/gplalibertad.gob.ec\/carchi\/wp-json\/wp\/v2\/categories?post=101"},{"taxonomy":"post_tag","embeddable":true,"href":"https:\/\/gplalibertad.gob.ec\/carchi\/wp-json\/wp\/v2\/tags?post=101"},{"taxonomy":"yst_prominent_words","embeddable":true,"href":"https:\/\/gplalibertad.gob.ec\/carchi\/wp-json\/wp\/v2\/yst_prominent_words?post=101"}],"curies":[{"name":"wp","href":"https:\/\/api.w.org\/{rel}","templated":true}]}}